{"id":609,"date":"2016-06-02T20:53:59","date_gmt":"2016-06-02T18:53:59","guid":{"rendered":"http:\/\/www.deta-online.com\/?p=609"},"modified":"2016-06-02T20:53:59","modified_gmt":"2016-06-02T18:53:59","slug":"pressemitteilung-zur-anerkennung-des-voelkersmordes-an-den-aramaeernassyrernchaldaeern-armeniern-und-pontosgriechen","status":"publish","type":"post","link":"https:\/\/www.deta-online.com\/?p=609","title":{"rendered":"Pressemitteilung zur Anerkennung des V\u00f6lkersmordes an den Aram\u00e4ern\/Assyrern\/Chald\u00e4ern, Armeniern und Pontosgriechen"},"content":{"rendered":"<p>+ + + Pressemitteilung + + +<\/p>\n<p>101 Jahre V\u00f6lkermord \u2013 Anerkennung jetzt!<\/p>\n<p>\u00dcberw\u00e4ltigende Mehrheit &#8211; &#8222;Ja, es war V\u00f6lkermord&#8220; \u2013 02. Juni Deutscher Bundestag<\/p>\n<p>Eine \u00fcberw\u00e4ltigende Mehrheit, bei nur je einer Gegenstimme und Stimmenthaltung, verabschiedete heute im Deutschen Bundestag die sogenannte &#8222;Armenier- Resolution&#8220;.<br \/>\nMit gro\u00dfer Erleichterung begr\u00fc\u00dfen wir die Entscheidung des Deutschen Bundestages die Verbrechen an den Armeniern, Assyrern \/ Aram\u00e4ern \/ Chald\u00e4ern (in aram\u00e4ischer Sprache: Suryoye oder Suraye), Griechen aus der Pontos-Region und anderen religi\u00f6sen Minderheiten zur Zeit des osmanischen Reiches als das zu benennen, was es ist: ein V\u00f6lkermord, der unter den Augen des Deutschen Kaiserreiches geschah.<\/p>\n<p>Durch die Anerkennung des Genozids hat sich Deutschland seiner historischen Verantwortung gestellt. Sie soll nicht als Schuldzuweisung verstanden werden, sondern als Grundlage f\u00fcr eine Aufarbeitung dienen, um dieselben Fehler f\u00fcr die Zukunft zu vermeiden.<\/p>\n<p>Die Opfer von damals haben endlich auch eine offizielle Stimme erhalten.<\/p>\n<p>Die Menschlichkeit wurde vor wirtschaftliche Interessen gestellt.<\/p>\n<p>Wir danken allen Personen und Organisationen, die sich seit vielen Jahren f\u00fcr die Anerkennung dieses Genozids eingesetzt haben. Ohne den Zuspruch seitens Bundespr\u00e4sident Gauck, Parlamentspr\u00e4sident Lammert, Cem \u00d6zdemir und Volker Kauder w\u00e4re die heutige Abstimmung in der Form nicht zu Stande gekommen.<\/p>\n<p>Unser Dank gilt auch den vielen Vertretern der verschieden Organisationen, die durch ihre Anwesenheit diesem Anliegen noch einmal Nachdruck verliehen haben. Stellvertretend f\u00fcr den heutigen Zusammenschluss von ZOCD, ADO, Kano, DETA, AJM, HSA und ZAVD waren anwesend:<\/p>\n<p>1. Sanharib Simsek, Vorsitzender Assyrischer Jugendverband Mitteleuropa (AJM) e.V.<\/p>\n<p>2. Ninwa Aras, zweite Vorsitzende Assyrischer Jugendverband Mitteleuropa (AJM) e.V.<\/p>\n<p>3. Johann Roumee, Vorsitzender Zentralverband der Assyrischen Vereinigungen in Deutschland und Europ\u00e4ische Sektionen e.V. &#8211; ZAVD<\/p>\n<p>4. Aziz Yousef, Vorstand Zentralverband der Assyrischen Vereinigungen in Deutschland und Europ\u00e4ische Sektionen e.V. \u2013 ZAVD<\/p>\n<p>5. Ninos Ego, Vorstand Zentralverband der Assyrischen Vereinigungen in Deutschland und Europ\u00e4ische Sektionen e.V. \u2013 ZAVD<\/p>\n<p>6. Alkan Sabri, Vorstand Assyrische Demokratische Organisation \u2013 ADO<\/p>\n<p>7. Issa Hanna, Vorstand Assyrische Demokratische Organisation \u2013 ADO<\/p>\n<p>8. Mike Malke, Vorsitzender ZOCD, Syrisch-Orthodoxe Kirche<\/p>\n<p>9. Christos Marazidis, zweiter Vorsitzender ZOCD, gleichzeitig stellevertretend f\u00fcr den Verband der Vereine der Griechen aus Pontos in Europa sowie der Griechisch \u2013 Orthodoxen Kirche anwesend.<\/p>\n<p>10. Daniela Hofmann, Redaktionsleitung des ZOCD<\/p>\n<p>11. Anastasia Dick , Mitglied des ZOCD , Leiterin des Arbeitskreises f\u00fcr Genozid &#8211; Verband der Vereine der Griechen aus Pontos in Europa<\/p>\n<p>M\u00fcnchen, den 02. Juni 2016<\/p>\n<p>Mike Malke, Vorsitzender Zentralrat Orientalischer Christen in Deutschland e.V. &#8211; ZOCD<\/p>\n<p>Jakob Romanos, Vorsitzender Assyrische Demokratische Organisation &#8211; ADO<\/p>\n<p>Adai Malki, Vorsitzender Kano Suryoyo \u2013 Organisation zur Bildungsf\u00f6rderung der Suryoye e.V.<\/p>\n<p>Ibrahim Ay, Vorsitzender Dachverband der Entwicklungsvereine Tur Abdin e.V.<\/p>\n<p>Sanharib Simsek, Vorsitzender Assyrischer Jugendverband Mitteleuropa (AJM) e.V.<\/p>\n<p>Saliba Joseph, Vorsitzender F\u00f6deration Suryoye Deutschland e.V. \u2013 HSA<\/p>\n<p>Johann Roumee, Vorsitzender Zentralverband der Assyrischen Vereinigungen in Deutschland und Europ\u00e4ische Sektionen e.V. &#8211; ZAVD<\/p>\n<p>Stellvertretend f\u00fcr die Annahme von Anfragen, welche entsprechend an die jeweiligen Adressaten weitergereicht werden, ist, befristet, die Redaktion des ZOCD zust\u00e4ndig.<\/p>\n<p>Kontakt:<br \/>\nRedaktion<br \/>\nZentralrat Orientalischer Christen in Deutschland e.V \u2013 ZOCD<br \/>\nStefan-George-Ring 29<br \/>\n81929 M\u00fcnchen<br \/>\nTelefon: 0049-89-309040210<br \/>\nTelefax: 0049-89-2000 8761 443<br \/>\nE-Mail: redaktion@zocd.de; info@zocd.de<\/p>\n<p style=\"text-align: left;\">Quelle: Simon Jacob<\/p>\n","protected":false},"excerpt":{"rendered":"<p>+ + + Pressemitteilung + + + 101 Jahre V\u00f6lkermord \u2013 Anerkennung jetzt! \u00dcberw\u00e4ltigende Mehrheit &#8211; &#8222;Ja, es war V\u00f6lkermord&#8220; \u2013 02. Juni Deutscher Bundestag Eine \u00fcberw\u00e4ltigende Mehrheit, bei nur je einer Gegenstimme und Stimmenthaltung, verabschiedete heute im Deutschen Bundestag die sogenannte &#8222;Armenier- Resolution&#8220;. Mit gro\u00dfer Erleichterung begr\u00fc\u00dfen wir die Entscheidung des Deutschen Bundestages die &#8230; <a title=\"Pressemitteilung zur Anerkennung des V\u00f6lkersmordes an den Aram\u00e4ern\/Assyrern\/Chald\u00e4ern, Armeniern und Pontosgriechen\" class=\"read-more\" href=\"https:\/\/www.deta-online.com\/?p=609\" aria-label=\"Mehr Informationen \u00fcber Pressemitteilung zur Anerkennung des V\u00f6lkersmordes an den Aram\u00e4ern\/Assyrern\/Chald\u00e4ern, Armeniern und Pontosgriechen\">Weiterlesen<\/a><\/p>\n","protected":false},"author":1,"featured_media":607,"comment_status":"closed","ping_status":"closed","sticky":false,"template":"","format":"standard","meta":{"footnotes":""},"categories":[1],"tags":[],"class_list":["post-609","post","type-post","status-publish","format-standard","has-post-thumbnail","hentry","category-allgemein"],"_links":{"self":[{"href":"https:\/\/www.deta-online.com\/index.php?rest_route=\/wp\/v2\/posts\/609","targetHints":{"allow":["GET"]}}],"collection":[{"href":"https:\/\/www.deta-online.com\/index.php?rest_route=\/wp\/v2\/posts"}],"about":[{"href":"https:\/\/www.deta-online.com\/index.php?rest_route=\/wp\/v2\/types\/post"}],"author":[{"embeddable":true,"href":"https:\/\/www.deta-online.com\/index.php?rest_route=\/wp\/v2\/users\/1"}],"replies":[{"embeddable":true,"href":"https:\/\/www.deta-online.com\/index.php?rest_route=%2Fwp%2Fv2%2Fcomments&post=609"}],"version-history":[{"count":1,"href":"https:\/\/www.deta-online.com\/index.php?rest_route=\/wp\/v2\/posts\/609\/revisions"}],"predecessor-version":[{"id":610,"href":"https:\/\/www.deta-online.com\/index.php?rest_route=\/wp\/v2\/posts\/609\/revisions\/610"}],"wp:featuredmedia":[{"embeddable":true,"href":"https:\/\/www.deta-online.com\/index.php?rest_route=\/wp\/v2\/media\/607"}],"wp:attachment":[{"href":"https:\/\/www.deta-online.com\/index.php?rest_route=%2Fwp%2Fv2%2Fmedia&parent=609"}],"wp:term":[{"taxonomy":"category","embeddable":true,"href":"https:\/\/www.deta-online.com\/index.php?rest_route=%2Fwp%2Fv2%2Fcategories&post=609"},{"taxonomy":"post_tag","embeddable":true,"href":"https:\/\/www.deta-online.com\/index.php?rest_route=%2Fwp%2Fv2%2Ftags&post=609"}],"curies":[{"name":"wp","href":"https:\/\/api.w.org\/{rel}","templated":true}]}}