{"id":605,"date":"2016-06-02T20:50:55","date_gmt":"2016-06-02T18:50:55","guid":{"rendered":"http:\/\/www.deta-online.com\/?p=605"},"modified":"2016-06-02T20:50:55","modified_gmt":"2016-06-02T18:50:55","slug":"pressemitteilung-vor-der-abstimmung-ueber-den-voelkermord","status":"publish","type":"post","link":"https:\/\/www.deta-online.com\/?p=605","title":{"rendered":"Pressemitteilung vor der Abstimmung \u00fcber den V\u00f6lkermord"},"content":{"rendered":"<p>+ + + Pressemitteilung + + +<\/p>\n<p>101 Jahre V\u00f6lkermord \u2013 Anerkennung jetzt!<\/p>\n<p>Am 24. April 2016 j\u00e4hrte sich der Beginn der V\u00f6lkermorde an den Armeniern, Assyrer\/Aram\u00e4er\/Chald\u00e4er (in aram\u00e4ischer Sprache: Suraye oder Suryoye genannt) und Griechen aus der Pontos-Region zum 101. Mal.<\/p>\n<p>Zu einer Zeit, in der das Deutsche Kaiserreich zusammen mit \u00d6sterreich\/Ungarn Verb\u00fcndeter des Osmanischen Reiches war, wurden sie von den T\u00fcrken und den Kurden vertrieben, gefoltert und grausam ermordet. Die nationalistischen und s\u00e4kularen Jungt\u00fcrken hatten sich die kurdischen St\u00e4mme mit dem Versprechen nach gro\u00dfz\u00fcgiger Beute zu Verb\u00fcndeten gemacht, die die christliche Bev\u00f6lkerung systematisch verfolgen und umbringen sollten. Ein Verbrechen, das unter den Augen des Deutschen Kaiserreiches geschah, gegen das die damals in Deutschland herrschende Elite jedoch nicht vorzugehen versuchte.<\/p>\n<p>Hatten die Siegerm\u00e4chte des ersten Weltkrieges im Zuge der Zerschlagung des Osmanischen Reiches zun\u00e4chst noch den kurdischen St\u00e4mmen Autonomie zugesichert, so konnte der Nachfolgestaat des Osmanischen Reiches, die heutige Republik T\u00fcrkei, diese Zusage revidieren und den Vertrag von Lausanne unterzeichnen. Durch diesen verloren die Kurden ihren Anspruch auf die eigene Unabh\u00e4ngigkeit, um die heute noch erbittert gek\u00e4mpft wird. Ein Kampf, der auf beiden Seiten Opfer fordert und uns\u00e4gliches Leid verbreitet. Leid, welches im aufgekl\u00e4rten 21. Jahrhundert in Europa nicht mehr existieren sollte. Die einstigen Verb\u00fcndeten sind bis heute Feinde.<\/p>\n<p>Seit der Gr\u00fcndung der t\u00fcrkischen Republik am 29. Oktober 1923 versucht diese jedoch nicht nur die kurdischen St\u00e4mme zu bek\u00e4mpfen, sondern leugnet auch immer noch die Verbrechen von damals. Wenn man die heutige Situation der christlichen Minderheiten genauer betrachtet, so kann man durchaus sagen, dass der Versuch diese aus dem Staatsgebiet der heutigen T\u00fcrkei zu vertreiben, immer noch im Hintergrund, ausgehend von einzelnen Interessengruppen, an den Tag gelegt wird. Kirchen und Kl\u00f6ster werden enteignet, Priester d\u00fcrfen nicht ausgebildet werden. Die Erlaubnis Kirchen zu renovieren oder gar neu zu bauen, wird so gut wie nie erteilt. Die Christen werden von vielen noch immer nicht als vollwertiges Mitglied der t\u00fcrkischen Gesellschaft angesehen.<\/p>\n<p>Viele Jahre lang k\u00e4mpften die \u00dcberlebenden der Massaker und deren Nachkommen um die Anerkennung dieser Genozide an den unterschiedlichen Volksgruppen. Obwohl der Holocaust an den Juden m\u00fchselig aufgearbeitet wurde, tut sich Deutschland mit diesem Teil der Geschichte extrem schwer. Trotz der erfreulichen Schritte von Bundespr\u00e4sident Gauck und Bundestagspr\u00e4sident Lammert letztes Jahr, den Genozid auch als solchen zu bezeichnen, blieb die darauffolgende Bundestagsdebatte in der Hinsicht erfolglos. Man wollte es sich mit seinem europ\u00e4ischen Nachbarn T\u00fcrkei nicht verscherzen. Auf Antrag des Gr\u00fcnen-Politikers Cem \u00d6zdemir, der in seiner Rede zum Gedenken an den Genozid in Berlin im April dieses Jahres noch einmal ausdr\u00fccklich auf die Verantwortung Deutschlands hinwies, kommt es am 2. Juni zu einer erneuten Abstimmung im Bundestag.<\/p>\n<p>Die wie folgt aufgef\u00fchrten Organisationen verstehen sich als Sprachrohr f\u00fcr die damals und heute verfolgten Christen und Ethnien des Nahen Ostens. Sie appellieren gemeinsam an den Deutschen Bundestag, sich seiner historischen Verantwortung bewusst zu sein, sich nicht dem Druck eines Drittstaates zu beugen und die Verbrechen, die unter den Augen des Deutschen Kaiserreiches geschahen, als das zu bezeichnen, was sie sind:<\/p>\n<p>Ein V\u00f6lkermord an den Armeniern, Assyrer\/Aram\u00e4er\/Chald\u00e4er (in aram\u00e4ischer Sprache: Suraye oder Suryoye genannt) und Griechen aus der Pontos-Region zum 101. Mal.<\/p>\n<p>Ein Genozid an der Menschlichkeit!<\/p>\n<p>M\u00fcnchen, den 30. Mai 2016<\/p>\n<p>Mike Malke, Vorsitzender Zentralrat Orientalischer Christen in Deutschland e.V. &#8211; ZOCD<\/p>\n<p>Jakob Romanos, Vorsitzender Assyrische Demokratische Organisation &#8211; ADO<\/p>\n<p>Adai Malki, Vorsitzender Kano Suryoyo \u2013 Organisation zur Bildungsf\u00f6rderung der Suryoye e.V.<\/p>\n<p>Ibrahim Ay, Vorsitzender Dachverband der Entwicklungsvereine Tur Abdin e.V.<\/p>\n<p>Sanharib Simsek, Vorsitzender Assyrischer Jugendverband Mitteleuropa (AJM) e.V.<\/p>\n<p>Saliba Joseph,<br \/>\nVorsitzender F\u00f6deration Suryoye Deutschland e.V. \u2013 HSA<\/p>\n<p>Johann Roumee, Vorsitzender Zentralverband der Assyrischen Vereinigungen in Deutschland und Europ\u00e4ische Sektionen e.V. &#8211; ZAVD<\/p>\n<p>Stellvertretend f\u00fcr die Annahme von Anfragen, welche entsprechend an die jeweiligen Adressaten weitergereicht werden, ist, befristet, die Redaktion des ZOCD zust\u00e4ndig.<\/p>\n<p>Kontakt:<\/p>\n<p>Redaktion<br \/>\nZentralrat Orientalischer Christen in Deutschland e.V. \u2013 ZOCD<br \/>\nStefan-George-Ring 29<br \/>\n81929 M\u00fcnchen<\/p>\n<p>Telefon: 0049-89-309040210<br \/>\nTelefax: 0049-89-2000 8761 443<br \/>\nE-Mail: redaktion@zocd.de, info@zocd.de<a href=\"https:\/\/www.deta-online.com\/wp-content\/uploads\/2016\/06\/FB_IMG_1464893011043.jpg\"><img loading=\"lazy\" decoding=\"async\" class=\"alignnone size-thumbnail wp-image-607\" src=\"https:\/\/www.deta-online.com\/wp-content\/uploads\/2016\/06\/FB_IMG_1464893011043-150x150.jpg\" alt=\"FB_IMG_1464893011043\" width=\"150\" height=\"150\" \/><\/a><\/p>\n<p>&nbsp;<\/p>\n","protected":false},"excerpt":{"rendered":"<p>+ + + Pressemitteilung + + + 101 Jahre V\u00f6lkermord \u2013 Anerkennung jetzt! Am 24. April 2016 j\u00e4hrte sich der Beginn der V\u00f6lkermorde an den Armeniern, Assyrer\/Aram\u00e4er\/Chald\u00e4er (in aram\u00e4ischer Sprache: Suraye oder Suryoye genannt) und Griechen aus der Pontos-Region zum 101. Mal. Zu einer Zeit, in der das Deutsche Kaiserreich zusammen mit \u00d6sterreich\/Ungarn Verb\u00fcndeter des &#8230; <a title=\"Pressemitteilung vor der Abstimmung \u00fcber den V\u00f6lkermord\" class=\"read-more\" href=\"https:\/\/www.deta-online.com\/?p=605\" aria-label=\"Mehr Informationen \u00fcber Pressemitteilung vor der Abstimmung \u00fcber den V\u00f6lkermord\">Weiterlesen<\/a><\/p>\n","protected":false},"author":1,"featured_media":607,"comment_status":"closed","ping_status":"closed","sticky":false,"template":"","format":"standard","meta":{"footnotes":""},"categories":[1],"tags":[],"class_list":["post-605","post","type-post","status-publish","format-standard","has-post-thumbnail","hentry","category-allgemein"],"_links":{"self":[{"href":"https:\/\/www.deta-online.com\/index.php?rest_route=\/wp\/v2\/posts\/605","targetHints":{"allow":["GET"]}}],"collection":[{"href":"https:\/\/www.deta-online.com\/index.php?rest_route=\/wp\/v2\/posts"}],"about":[{"href":"https:\/\/www.deta-online.com\/index.php?rest_route=\/wp\/v2\/types\/post"}],"author":[{"embeddable":true,"href":"https:\/\/www.deta-online.com\/index.php?rest_route=\/wp\/v2\/users\/1"}],"replies":[{"embeddable":true,"href":"https:\/\/www.deta-online.com\/index.php?rest_route=%2Fwp%2Fv2%2Fcomments&post=605"}],"version-history":[{"count":2,"href":"https:\/\/www.deta-online.com\/index.php?rest_route=\/wp\/v2\/posts\/605\/revisions"}],"predecessor-version":[{"id":608,"href":"https:\/\/www.deta-online.com\/index.php?rest_route=\/wp\/v2\/posts\/605\/revisions\/608"}],"wp:featuredmedia":[{"embeddable":true,"href":"https:\/\/www.deta-online.com\/index.php?rest_route=\/wp\/v2\/media\/607"}],"wp:attachment":[{"href":"https:\/\/www.deta-online.com\/index.php?rest_route=%2Fwp%2Fv2%2Fmedia&parent=605"}],"wp:term":[{"taxonomy":"category","embeddable":true,"href":"https:\/\/www.deta-online.com\/index.php?rest_route=%2Fwp%2Fv2%2Fcategories&post=605"},{"taxonomy":"post_tag","embeddable":true,"href":"https:\/\/www.deta-online.com\/index.php?rest_route=%2Fwp%2Fv2%2Ftags&post=605"}],"curies":[{"name":"wp","href":"https:\/\/api.w.org\/{rel}","templated":true}]}}